{"id":1243,"date":"2010-07-27T12:56:31","date_gmt":"2010-07-27T10:56:31","guid":{"rendered":"http:\/\/www.rienadire.fr\/wordpress\/?p=1243"},"modified":"2010-07-27T12:56:31","modified_gmt":"2010-07-27T10:56:31","slug":"petit-sejour-en-bourgogne","status":"publish","type":"post","link":"https:\/\/www.rienadire.fr\/wordpress\/2010\/07\/27\/petit-sejour-en-bourgogne\/","title":{"rendered":"Petit s\u00e9jour en Bourgogne"},"content":{"rendered":"<p><a rel=\"lightbox\" href=\"https:\/\/www.rienadire.fr\/wordpress\/..\/zenphoto\/albums\/beaune-numerique\/p1000435-1.jpg\"><img loading=\"lazy\" decoding=\"async\" class=\"ngg-singlepic ngg-center\" src=\"https:\/\/www.rienadire.fr\/wordpress\/..\/zenphoto\/albums\/beaune-numerique\/p1000435-1.jpg\" alt=\"p1000435-1\" width=\"410\" height=\"614\" \/><\/a><\/p>\n<p>Ce week-end, on a profit\u00e9 d&rsquo;un coffret smartbox pour aller faire un tour en Bourgogne. En fait, on avait eu l&rsquo;occasion de passer \u00e0 Cluny mais sans visiter et \u00e7a avait l&rsquo;air super\u00a0sympas. Ce coffret nous \u00e0 donc permis d&rsquo;aller dormir \u00e0 Levernois (\u00e0 5 mn de Beaune). Steph a pu avoir son vendredi et moi aussi. Nous somme donc parti vendredi matin pour visiter la ville de Cluny puis nous avons rejoint notre super h\u00f4tel (un trois \u00e9toiles avec piscine et balcon, super classe).<\/p>\n<p><a rel=\"lightbox\" href=\"https:\/\/www.rienadire.fr\/wordpress\/..\/zenphoto\/albums\/beaune-numerique\/p1000439-1.jpg\"><img loading=\"lazy\" decoding=\"async\" class=\"ngg-singlepic ngg-left\" src=\"https:\/\/www.rienadire.fr\/wordpress\/..\/zenphoto\/albums\/beaune-numerique\/p1000439-1.jpg\" alt=\"p1000439-1\" width=\"258\" height=\"172\" \/><\/a>Cluny c&rsquo;est vraiment magnifique d&rsquo;autant que la visite est gratuite pour les moins de 25 ans ressortissant de l&rsquo;UE et qu&rsquo;il y a en ce moment une exposition sur <a href=\"http:\/\/www.cluny-tourisme.com\/index.php?aid=669\">l&rsquo;apog\u00e9e de l&rsquo;art Roman<\/a>. Le seul point n\u00e9gatif c&rsquo;est qu&rsquo;en r\u00e9alit\u00e9 le\u00a0monast\u00e8re\u00a0a \u00e9t\u00e9\u00a0compl\u00e8tement\u00a0d\u00e9truit, il ne reste qu&rsquo;une\u00a0tr\u00e8s\u00a0petite portion (qui donne quand m\u00eame une bonne id\u00e9e de la taille gigantesque que \u00e7a devait avoir&#8230;et puis il y le film en 3D pour se rendre compte !).<\/p>\n<p>Nous nous somme ensuite rendu ensuite \u00e0 Beaune pour poursuivre notre week-end.<\/p>\nngg_shortcode_0_placeholder\n<p>Notre h\u00f4tel \u00e9tait vraiment super bien surtout qu&rsquo;il nous offrait en plus de la nuit et du petit d\u00e9jeun\u00e9, la visite\u00a0d&rsquo;un\u00a0Ch\u00e2teau\u00a0avec\u00a0d\u00e9gustation. Samedi matin, nous avons donc pu nous rendre au\u00a0ch\u00e2teau\u00a0de Pommard pour visiter le domaine et faire une d\u00e9gustation. Encore une fois, chance incroyable, la visite comprenait le domaine, les caves, la d\u00e9gustation, leur mus\u00e9e de la vigne et surtout une expo temporaire de Picasso. Le domaine a \u00e9t\u00e9 rachet\u00e9\u00a0r\u00e9cemment\u00a0et depuis, le Pommard ne se vend que sur le domaine. Pour attirer plus de monde, ils exposent donc\u00a0r\u00e9guli\u00e8rement\u00a0des collections priv\u00e9es de grand artistes. Il y a par exemple dans la cours deux orignaux de Dali !<\/p>\n<p><a rel=\"lightbox\" href=\"https:\/\/www.rienadire.fr\/wordpress\/..\/zenphoto\/albums\/beaune-numerique\/p1000526-1.jpg\"><img loading=\"lazy\" decoding=\"async\" class=\"ngg-singlepic ngg-center\" src=\"https:\/\/www.rienadire.fr\/wordpress\/..\/zenphoto\/albums\/beaune-numerique\/p1000526-1.jpg\" alt=\"p1000526-1\" width=\"430\" height=\"287\" \/><\/a><\/p>\n<p>Le vendredi soir nous avons mang\u00e9 \u00e0 Beaune (gal\u00e8re\u00a0pour trouver un resto sans avoir r\u00e9serv\u00e9 !). Il pleuvait et nous avons vu un magnifique arc-en-ciel et on en a profit\u00e9 pour faire un rep\u00e9rage sur notre visite du lendemain..<\/p>\n<p><a rel=\"lightbox\" href=\"https:\/\/www.rienadire.fr\/wordpress\/..\/zenphoto\/albums\/beaune-numerique\/p1000462-1.jpg\"><img loading=\"lazy\" decoding=\"async\" class=\"ngg-singlepic ngg-center\" src=\"https:\/\/www.rienadire.fr\/wordpress\/..\/zenphoto\/albums\/beaune-numerique\/p1000462-1.jpg\" alt=\"p1000462-1\" width=\"430\" height=\"287\" \/><\/a><\/p>\n<p>Le samedi, le temps \u00e9tait parfait, on est donc aller \u00e0 Pommard le matin puis, de retour \u00e0 Beaune, on a pris un passe 3 mus\u00e9es (Les\u00a0Hospices\u00a0de Beaune, le mus\u00e9e du vin le mus\u00e9e des Beaux-Arts). Les Hospices sont\u00a0vraiment\u00a0impressionnants avec leurs toits color\u00e9s et le plafond peint.<\/p>\n<p style=\"text-align: center;\"><a rel=\"lightbox\" href=\"https:\/\/www.rienadire.fr\/wordpress\/..\/zenphoto\/albums\/beaune-numerique\/p1000534-1.jpg\"><img loading=\"lazy\" decoding=\"async\" class=\"ngg-singlepic ngg-center aligncenter\" src=\"https:\/\/www.rienadire.fr\/wordpress\/..\/zenphoto\/albums\/beaune-numerique\/p1000534-1.jpg\" alt=\"p1000534-1\" width=\"430\" height=\"287\" \/><\/a><\/p>\n<p style=\"text-align: left;\">Au mus\u00e9e des beaux Arts, j&rsquo;ai d\u00e9couvert <a href=\"http:\/\/www.linternaute.com\/musee\/artiste\/5128\/michaud-hippolyte\/\">Hyppolyte Michaud<\/a>, un artiste Beaunois que j&rsquo;ai \u00a0trouv\u00e9 int\u00e9ressant (son autoportrait est saisissant, ngg_shortcode_1_placeholder\u00a0on dirait qu&rsquo;il sort du tableau). Le mus\u00e9e du vin \u00e9tait pas mal mais un peu vieillot\u00a0\u00a0(par contre on a vu un reportage de 1943 trop bien sur la fabrication des tonneaux).<\/p>\n<p style=\"text-align: left;\">\n<p style=\"text-align: left;\">On a aussi fait un tour dans la cath\u00e9drale :<\/p>\n<p style=\"text-align: left;\"><a rel=\"lightbox\" href=\"https:\/\/www.rienadire.fr\/wordpress\/..\/zenphoto\/albums\/beaune-numerique\/p1000571-1.jpg\"><img loading=\"lazy\" decoding=\"async\" class=\"ngg-singlepic ngg-center\" src=\"https:\/\/www.rienadire.fr\/wordpress\/..\/zenphoto\/albums\/beaune-numerique\/p1000571-1.jpg\" alt=\"p1000571-1\" width=\"430\" height=\"287\" \/><\/a><\/p>\n<p style=\"text-align: left;\">L&rsquo;ext\u00e9rieur\u00a0est plus joli que\u00a0l&rsquo;int\u00e9rieur\u00a0(la\u00a0sc\u00e8ne, les \u00e9clairages et les\u00a0si\u00e8ges\u00a0du festival de musique baroque\u00a0g\u00e2ch\u00e9\u00a0un peu). En tous les cas, la Bourgogne c&rsquo;est vraiment sympas, \u00e7a vaut le d\u00e9tour.<\/p>\n<p style=\"text-align: left;\">Pour finir voil\u00e0 quelques photos suppl\u00e9mentaires (une bonne partie\u00a0des photos num\u00e9rique ont \u00e9t\u00e9 prisent par Steph, moi j&rsquo;ai port\u00e9 ma pellicule \u00e0 developper et je vais chercher mes tirages demain&#8230;) :<\/p>\n<p style=\"text-align: left;\">ngg_shortcode_2_placeholder<\/p>\n<p style=\"text-align: left;\">\n<p style=\"text-align: left;\">\n","protected":false},"excerpt":{"rendered":"<p>Ce week-end, on a profit\u00e9 d&rsquo;un coffret smartbox pour aller faire un tour en Bourgogne. En fait, on avait eu l&rsquo;occasion de passer \u00e0 Cluny mais sans visiter et \u00e7a avait l&rsquo;air super\u00a0sympas. Ce coffret nous \u00e0 donc permis d&rsquo;aller dormir \u00e0 Levernois (\u00e0 5 mn de Beaune). Steph a pu avoir son vendredi et [&hellip;]<\/p>\n","protected":false},"author":1,"featured_media":0,"comment_status":"open","ping_status":"open","sticky":false,"template":"","format":"standard","meta":{"ngg_post_thumbnail":0,"footnotes":""},"categories":[3],"tags":[89,88,91,25,285,90],"class_list":["post-1243","post","type-post","status-publish","format-standard","hentry","category-actualite","tag-beaune","tag-bourgogne","tag-cluny","tag-couleur","tag-photographie","tag-pommard"],"_links":{"self":[{"href":"https:\/\/www.rienadire.fr\/wordpress\/wp-json\/wp\/v2\/posts\/1243","targetHints":{"allow":["GET"]}}],"collection":[{"href":"https:\/\/www.rienadire.fr\/wordpress\/wp-json\/wp\/v2\/posts"}],"about":[{"href":"https:\/\/www.rienadire.fr\/wordpress\/wp-json\/wp\/v2\/types\/post"}],"author":[{"embeddable":true,"href":"https:\/\/www.rienadire.fr\/wordpress\/wp-json\/wp\/v2\/users\/1"}],"replies":[{"embeddable":true,"href":"https:\/\/www.rienadire.fr\/wordpress\/wp-json\/wp\/v2\/comments?post=1243"}],"version-history":[{"count":40,"href":"https:\/\/www.rienadire.fr\/wordpress\/wp-json\/wp\/v2\/posts\/1243\/revisions"}],"predecessor-version":[{"id":1283,"href":"https:\/\/www.rienadire.fr\/wordpress\/wp-json\/wp\/v2\/posts\/1243\/revisions\/1283"}],"wp:attachment":[{"href":"https:\/\/www.rienadire.fr\/wordpress\/wp-json\/wp\/v2\/media?parent=1243"}],"wp:term":[{"taxonomy":"category","embeddable":true,"href":"https:\/\/www.rienadire.fr\/wordpress\/wp-json\/wp\/v2\/categories?post=1243"},{"taxonomy":"post_tag","embeddable":true,"href":"https:\/\/www.rienadire.fr\/wordpress\/wp-json\/wp\/v2\/tags?post=1243"}],"curies":[{"name":"wp","href":"https:\/\/api.w.org\/{rel}","templated":true}]}}