{"id":1967,"date":"2011-04-28T12:15:09","date_gmt":"2011-04-28T10:15:09","guid":{"rendered":"http:\/\/www.rienadire.fr\/wordpress\/?p=1967"},"modified":"2011-10-26T19:16:34","modified_gmt":"2011-10-26T17:16:34","slug":"le-musee-grevin","status":"publish","type":"post","link":"https:\/\/www.rienadire.fr\/wordpress\/2011\/04\/28\/le-musee-grevin\/","title":{"rendered":"Le mus\u00e9e Gr\u00e9vin"},"content":{"rendered":"<p><a href=\"https:\/\/www.rienadire.fr\/wordpress\/..\/zenphoto\/albums\/grevin\/d7k_1973.jpg\" rel=\"lightbox\"><img loading=\"lazy\" decoding=\"async\" class=\"ngg-singlepic ngg-center\" src=\"https:\/\/www.rienadire.fr\/wordpress\/..\/zenphoto\/albums\/grevin\/d7k_1973.jpg\" alt=\"d7k_1973\" width=\"430\" height=\"285\" \/><\/a><\/p>\n<p>Je viens de me rappeler que j&rsquo;avais fait quelques photos au mus\u00e9e Gr\u00e9vin pour les 50 ans de mon p\u00e8re. Comme il s&rsquo;agit plus de photos souvenir que de photos \u00ab\u00a0artistiques\u00a0\u00bb, je les livre brut de pomme. C&rsquo;est la premi\u00e8re fois que je visitais le mus\u00e9e Gr\u00e9vin, certaines statues sont criantes de v\u00e9rit\u00e9 et d&rsquo;autres nettement moins ! Dans tous les cas, c&rsquo;est marrant \u00e0 voir mais l&rsquo;ambiance lumineuse (tr\u00e8s sombre) complique pas mal pour la photo. Je n&rsquo;avais emmen\u00e9 que mon 50 mm comme il est tr\u00e8s lumineux, j&rsquo;ai tout fait sans flash \u00e0 pleine ouverture. \u00c7a permet aussi de masquer la foule (il y a beaucoup de gens et c&rsquo;est tr\u00e8s dur de ne pas les faire figurer sur les photos).<\/p>\nngg_shortcode_0_placeholder\n","protected":false},"excerpt":{"rendered":"<p>Je viens de me rappeler que j&rsquo;avais fait quelques photos au mus\u00e9e Gr\u00e9vin pour les 50 ans de mon p\u00e8re. Comme il s&rsquo;agit plus de photos souvenir que de photos \u00ab\u00a0artistiques\u00a0\u00bb, je les livre brut de pomme. C&rsquo;est la premi\u00e8re fois que je visitais le mus\u00e9e Gr\u00e9vin, certaines statues sont criantes de v\u00e9rit\u00e9 et d&rsquo;autres [&hellip;]<\/p>\n","protected":false},"author":1,"featured_media":0,"comment_status":"open","ping_status":"open","sticky":false,"template":"","format":"standard","meta":{"ngg_post_thumbnail":0,"footnotes":""},"categories":[3,7],"tags":[25,129,175,285],"class_list":["post-1967","post","type-post","status-publish","format-standard","hentry","category-actualite","category-photographie","tag-couleur","tag-d7000","tag-musee-grevin","tag-photographie"],"_links":{"self":[{"href":"https:\/\/www.rienadire.fr\/wordpress\/wp-json\/wp\/v2\/posts\/1967","targetHints":{"allow":["GET"]}}],"collection":[{"href":"https:\/\/www.rienadire.fr\/wordpress\/wp-json\/wp\/v2\/posts"}],"about":[{"href":"https:\/\/www.rienadire.fr\/wordpress\/wp-json\/wp\/v2\/types\/post"}],"author":[{"embeddable":true,"href":"https:\/\/www.rienadire.fr\/wordpress\/wp-json\/wp\/v2\/users\/1"}],"replies":[{"embeddable":true,"href":"https:\/\/www.rienadire.fr\/wordpress\/wp-json\/wp\/v2\/comments?post=1967"}],"version-history":[{"count":7,"href":"https:\/\/www.rienadire.fr\/wordpress\/wp-json\/wp\/v2\/posts\/1967\/revisions"}],"predecessor-version":[{"id":2157,"href":"https:\/\/www.rienadire.fr\/wordpress\/wp-json\/wp\/v2\/posts\/1967\/revisions\/2157"}],"wp:attachment":[{"href":"https:\/\/www.rienadire.fr\/wordpress\/wp-json\/wp\/v2\/media?parent=1967"}],"wp:term":[{"taxonomy":"category","embeddable":true,"href":"https:\/\/www.rienadire.fr\/wordpress\/wp-json\/wp\/v2\/categories?post=1967"},{"taxonomy":"post_tag","embeddable":true,"href":"https:\/\/www.rienadire.fr\/wordpress\/wp-json\/wp\/v2\/tags?post=1967"}],"curies":[{"name":"wp","href":"https:\/\/api.w.org\/{rel}","templated":true}]}}