{"id":2342,"date":"2011-11-27T16:59:03","date_gmt":"2011-11-27T14:59:03","guid":{"rendered":"http:\/\/www.rienadire.fr\/wordpress\/?p=2342"},"modified":"2011-11-27T16:59:03","modified_gmt":"2011-11-27T14:59:03","slug":"week-end-en-normandie","status":"publish","type":"post","link":"https:\/\/www.rienadire.fr\/wordpress\/2011\/11\/27\/week-end-en-normandie\/","title":{"rendered":"Week-end en Normandie"},"content":{"rendered":"<p><a href=\"https:\/\/www.rienadire.fr\/wordpress\/..\/zenphoto\/albums\/normandie\/p1020078.jpg\" rel=\"lightbox\"><img loading=\"lazy\" decoding=\"async\" class=\"ngg-singlepic ngg-center\" src=\"https:\/\/www.rienadire.fr\/wordpress\/..\/zenphoto\/albums\/normandie\/p1020078.jpg\" alt=\"p1020078\" width=\"491\" height=\"328\" \/><\/a><\/p>\n<p>\u00c7a\u00a0fait un moment que je n&rsquo;ai pas post\u00e9 et j&rsquo;ai ces photos qui trainent sur mon pc. Ce week-end l\u00e0 je n&rsquo;avais pas pris mon D7000. Je n&rsquo;avais que mon Lumix DMC-FT2 et il s&rsquo;av\u00e8re qu&rsquo;\u00e0 l&rsquo;usage je n&rsquo;en suis pas super satisfait. Autant il est parfait dans les situations \u00e0 \u00ab\u00a0risque\u00a0\u00bb (pluie, piscine,\u00a0cano\u00eb, etc.) autant la vitre du zoom se salie facilement et si on ne fait pas attention les photos sont floues. En plus, pass\u00e9 400 iso les photos sont \u00e0 mon avis inexploitables (j&rsquo;en demande peut-\u00eatre trop&#8230;). En tout cas, c&rsquo;est le compagnon id\u00e9al des sorties aventureuses\u00a0mais ce n&rsquo;est pas le compact \u00e0 garder dans sa poche \u00e0 la place de son reflex. Pour compenser cette faille, je viens de commander un IXUS 220 HS de canon, il est vraiment miniscule, solidement construit et les photos sont bien qualitatives. J&rsquo;ai test\u00e9 jusqu&rsquo;\u00e0 1600 iso et j&rsquo;ai \u00e9t\u00e9 assez bluff\u00e9. Je mettrais des photos d\u00e8s que j&rsquo;en aurais fait des int\u00e9ressantes (pour le moment j&rsquo;ai pris la vue depuis ma fen\u00eatre et mon clavier&#8230;).<\/p>\n<p>Voil\u00e0 les photos du week-end avec le DMC-FT2 (j&rsquo;ai utilis\u00e9 les diff\u00e9rents mode de l&rsquo;appareil plut\u00f4t que de retoucher les photos apr\u00e8s coup) :<\/p>\nngg_shortcode_0_placeholder\n","protected":false},"excerpt":{"rendered":"<p>\u00c7a\u00a0fait un moment que je n&rsquo;ai pas post\u00e9 et j&rsquo;ai ces photos qui trainent sur mon pc. Ce week-end l\u00e0 je n&rsquo;avais pas pris mon D7000. Je n&rsquo;avais que mon Lumix DMC-FT2 et il s&rsquo;av\u00e8re qu&rsquo;\u00e0 l&rsquo;usage je n&rsquo;en suis pas super satisfait. Autant il est parfait dans les situations \u00e0 \u00ab\u00a0risque\u00a0\u00bb (pluie, piscine,\u00a0cano\u00eb, etc.) [&hellip;]<\/p>\n","protected":false},"author":1,"featured_media":0,"comment_status":"open","ping_status":"open","sticky":false,"template":"","format":"standard","meta":{"ngg_post_thumbnail":0,"footnotes":""},"categories":[3,7],"tags":[206,207,285],"class_list":["post-2342","post","type-post","status-publish","format-standard","hentry","category-actualite","category-photographie","tag-dmc-ft2","tag-ixus-220-hs","tag-photographie"],"_links":{"self":[{"href":"https:\/\/www.rienadire.fr\/wordpress\/wp-json\/wp\/v2\/posts\/2342","targetHints":{"allow":["GET"]}}],"collection":[{"href":"https:\/\/www.rienadire.fr\/wordpress\/wp-json\/wp\/v2\/posts"}],"about":[{"href":"https:\/\/www.rienadire.fr\/wordpress\/wp-json\/wp\/v2\/types\/post"}],"author":[{"embeddable":true,"href":"https:\/\/www.rienadire.fr\/wordpress\/wp-json\/wp\/v2\/users\/1"}],"replies":[{"embeddable":true,"href":"https:\/\/www.rienadire.fr\/wordpress\/wp-json\/wp\/v2\/comments?post=2342"}],"version-history":[{"count":4,"href":"https:\/\/www.rienadire.fr\/wordpress\/wp-json\/wp\/v2\/posts\/2342\/revisions"}],"predecessor-version":[{"id":2346,"href":"https:\/\/www.rienadire.fr\/wordpress\/wp-json\/wp\/v2\/posts\/2342\/revisions\/2346"}],"wp:attachment":[{"href":"https:\/\/www.rienadire.fr\/wordpress\/wp-json\/wp\/v2\/media?parent=2342"}],"wp:term":[{"taxonomy":"category","embeddable":true,"href":"https:\/\/www.rienadire.fr\/wordpress\/wp-json\/wp\/v2\/categories?post=2342"},{"taxonomy":"post_tag","embeddable":true,"href":"https:\/\/www.rienadire.fr\/wordpress\/wp-json\/wp\/v2\/tags?post=2342"}],"curies":[{"name":"wp","href":"https:\/\/api.w.org\/{rel}","templated":true}]}}