{"id":2745,"date":"2012-08-21T18:30:45","date_gmt":"2012-08-21T16:30:45","guid":{"rendered":"http:\/\/www.rienadire.fr\/wordpress\/?p=2745"},"modified":"2012-08-22T11:01:22","modified_gmt":"2012-08-22T09:01:22","slug":"rando-dans-les-pyrenees","status":"publish","type":"post","link":"https:\/\/www.rienadire.fr\/wordpress\/2012\/08\/21\/rando-dans-les-pyrenees\/","title":{"rendered":"Rando dans les Pyr\u00e9n\u00e9es"},"content":{"rendered":"<p><img loading=\"lazy\" decoding=\"async\" class=\"ngg-singlepic ngg-none aligncenter\" src=\"https:\/\/www.rienadire.fr\/wordpress\/..\/zenphoto\/albums\/rando-pyrennees\/img_0021.jpg\" alt=\"img_0021\" width=\"538\" height=\"359\" \/><\/p>\n<p style=\"text-align: left;\">J&rsquo;ai fait il y a quelques temps une randonn\u00e9es de quatre jours dans les Pyr\u00e9n\u00e9es. Cette randonn\u00e9e a \u00e9t\u00e9 organis\u00e9e par Aline, accompagnatrice de montagne qui propose de nombreuses activit\u00e9s. En l&rsquo;occurrence, il s&rsquo;agissait d&rsquo;une randonn\u00e9e avec des \u00e2nes. Nous \u00e9tions un groupe d&rsquo;une dizaine de personnes, chacun portait un sac avec le n\u00e9cessaire pour la journ\u00e9e. Aline et surtout ses quatre \u00e2nes s&rsquo;occupaient de l&rsquo;intendance (nourriture, tentes, etc.). Le gros avantage de cette formule c&rsquo;est que l&rsquo;on peut randonner pendant plusieurs jours tout en montant des campements fort bien \u00e9quip\u00e9s. Voici la carte approximative du chemin que nous avons parcouru :<\/p>\n<p style=\"text-align: center;\"><iframe loading=\"lazy\" src=\"https:\/\/maps.google.com\/maps\/ms?msa=0&amp;msid=216748724614932628765.0004c7b2670ef40fe7fb8&amp;hl=fr&amp;ie=UTF8&amp;t=h&amp;ll=42.942099,0.027809&amp;spn=0.087964,0.181961&amp;z=12&amp;output=embed\" frameborder=\"0\" marginwidth=\"0\" marginheight=\"0\" scrolling=\"no\" width=\"550\" height=\"350\"><\/iframe><br \/>\n<small>Afficher <a style=\"color: #0000ff; text-align: left;\" href=\"https:\/\/maps.google.com\/maps\/ms?msa=0&amp;msid=216748724614932628765.0004c7b2670ef40fe7fb8&amp;hl=fr&amp;ie=UTF8&amp;t=h&amp;ll=42.942099,0.027809&amp;spn=0.087964,0.181961&amp;z=12&amp;source=embed\">Rando pyr\u00e9n\u00e9es<\/a> sur une carte plus grande<\/small><\/p>\n<p style=\"text-align: left;\">On est parti de la route de super Barr\u00e9ge un peu dans le brouillard mais \u00e7a s&rsquo;est vite lev\u00e9<\/p>\n<p style=\"text-align: center;\"><img loading=\"lazy\" decoding=\"async\" class=\"ngg-singlepic ngg-none aligncenter\" src=\"https:\/\/www.rienadire.fr\/wordpress\/..\/zenphoto\/albums\/rando-pyrennees\/img_0002.jpg\" alt=\"img_0002\" width=\"538\" height=\"356\" \/><\/p>\n<p style=\"text-align: left;\">On a camp\u00e9 le premier soir au bord du lac vert<\/p>\n<p style=\"text-align: center;\"><img loading=\"lazy\" decoding=\"async\" class=\"ngg-singlepic ngg-center\" src=\"https:\/\/www.rienadire.fr\/wordpress\/..\/zenphoto\/albums\/rando-pyrennees\/img_0019.jpg\" alt=\"img_0019\" width=\"538\" height=\"356\" \/><\/p>\n<p style=\"text-align: left;\">En prenant un peu de hauteur on avait une magnifique vue sur le lac bleu recouvert de brume<\/p>\n<p style=\"text-align: center;\"><div class='jwplayer' id='jwplayer-0'><\/div><script type='text\/javascript'>if(typeof(jQuery)==\"function\"){(function($){$.fn.fitVids=function(){}})(jQuery)};jwplayer('jwplayer-0').setup({\"file\":\"\\u00bbhttps:\/\/www.rienadire.fr\/wordpress\/wp-content\/uploads\/2012\/08\/lacbleu.flv\"});\n<\/script><\/p>\n<p style=\"text-align: left;\">Nous avons ensuite long\u00e9 le lac, pass\u00e9 un col, travers\u00e9 une vall\u00e9e pour installer notre second campement au bord du\u00a0 lac d&rsquo;Ourette au milieu des vaches et des chevaux<\/p>\n<p style=\"text-align: center;\"><img loading=\"lazy\" decoding=\"async\" class=\"ngg-singlepic ngg-center\" src=\"https:\/\/www.rienadire.fr\/wordpress\/..\/zenphoto\/albums\/rando-pyrennees\/img_0067.jpg\" alt=\"img_0067\" width=\"538\" height=\"359\" \/><\/p>\n<p style=\"text-align: left;\">Le lendemain, nous sommes repartis, direction le lac d&rsquo;Isigny ou nous avons camp\u00e9<\/p>\n<p style=\"text-align: center;\"><img loading=\"lazy\" decoding=\"async\" class=\"ngg-singlepic ngg-center\" src=\"https:\/\/www.rienadire.fr\/wordpress\/..\/zenphoto\/albums\/rando-pyrennees\/img_0074.jpg\" alt=\"img_0074\" width=\"538\" height=\"359\" \/><\/p>\n<p style=\"text-align: left;\">Enfin, pour le retour \u00e0 la civilisation, nous avons travers\u00e9 la for\u00eat (on a d\u00fb affronter une arm\u00e9e de taons)<\/p>\n<p style=\"text-align: center;\"><img loading=\"lazy\" decoding=\"async\" class=\"ngg-singlepic ngg-center\" src=\"https:\/\/www.rienadire.fr\/wordpress\/..\/zenphoto\/albums\/rando-pyrennees\/img_0079.jpg\" alt=\"img_0079\" width=\"538\" height=\"359\" \/><\/p>\n<p style=\"text-align: left;\">Puis parcouru une corniche (malheureusement la brume nous a masqu\u00e9 le paysage)<\/p>\n<p style=\"text-align: center;\"><img loading=\"lazy\" decoding=\"async\" class=\"ngg-singlepic ngg-center\" src=\"https:\/\/www.rienadire.fr\/wordpress\/..\/zenphoto\/albums\/rando-pyrennees\/img_0081.jpg\" alt=\"img_0081\" width=\"538\" height=\"359\" \/><\/p>\n<p style=\"text-align: left;\">Au final, la randonn\u00e9e est vraiment tr\u00e8s sympas, tr\u00e8s bien organis\u00e9, accessible (pas trop fatigante) et \u00e7a fait du bien de d\u00e9connecter un peu. Par contre, j&rsquo;ai bien retenu la le\u00e7on, ne surtout pas oublier de mettre de la cr\u00e8me solaire d\u00e8s le d\u00e9part m\u00eame s&rsquo;il est t\u00f4t et que le soleil est cach\u00e9 par les nuages, sinon on le regrette pas mal pour le reste du trajet !<\/p>\n<p style=\"text-align: left;\">Voil\u00e0 une petite vid\u00e9o m\u00ealant images et film des diff\u00e9rents campements :<\/p>\n<p style=\"text-align: left;\"><div class='jwplayer' id='jwplayer-1'><\/div><script type='text\/javascript'>if(typeof(jQuery)==\"function\"){(function($){$.fn.fitVids=function(){}})(jQuery)};jwplayer('jwplayer-1').setup({\"file\":\"\\u00bbhttps:\/\/www.rienadire.fr\/wordpress\/wp-content\/uploads\/2012\/08\/Rando.flv\"});\n<\/script><\/p>\n<p style=\"text-align: left;\">Et quelques photos suppl\u00e9mentaires en couleurs :<\/p>\n<p style=\"text-align: left;\">ngg_shortcode_0_placeholder<\/p>\n<p style=\"text-align: left;\">Et en noir et blanc :<\/p>\n<p style=\"text-align: left;\">ngg_shortcode_1_placeholder<\/p>\n<p style=\"text-align: left;\">Dans tous les cas, je ne peux que recommander chaudement de contacter Aline si ce type de rando vous int\u00e9resse :<\/p>\n<p style=\"text-align: left;\"><a title=\"Chemine avec Aline\" href=\"http:\/\/www.chemine-avec-aline.com\/\" target=\"_blank\">http:\/\/www.chemine-avec-aline.com\/<\/a><\/p>\n","protected":false},"excerpt":{"rendered":"<p>J&rsquo;ai fait il y a quelques temps une randonn\u00e9es de quatre jours dans les Pyr\u00e9n\u00e9es. Cette randonn\u00e9e a \u00e9t\u00e9 organis\u00e9e par Aline, accompagnatrice de montagne qui propose de nombreuses activit\u00e9s. En l&rsquo;occurrence, il s&rsquo;agissait d&rsquo;une randonn\u00e9e avec des \u00e2nes. Nous \u00e9tions un groupe d&rsquo;une dizaine de personnes, chacun portait un sac avec le n\u00e9cessaire pour [&hellip;]<\/p>\n","protected":false},"author":1,"featured_media":2765,"comment_status":"open","ping_status":"open","sticky":false,"template":"","format":"standard","meta":{"ngg_post_thumbnail":0,"footnotes":""},"categories":[3,7,11],"tags":[129,285],"class_list":["post-2745","post","type-post","status-publish","format-standard","has-post-thumbnail","hentry","category-actualite","category-photographie","category-visite","tag-d7000","tag-photographie"],"_links":{"self":[{"href":"https:\/\/www.rienadire.fr\/wordpress\/wp-json\/wp\/v2\/posts\/2745","targetHints":{"allow":["GET"]}}],"collection":[{"href":"https:\/\/www.rienadire.fr\/wordpress\/wp-json\/wp\/v2\/posts"}],"about":[{"href":"https:\/\/www.rienadire.fr\/wordpress\/wp-json\/wp\/v2\/types\/post"}],"author":[{"embeddable":true,"href":"https:\/\/www.rienadire.fr\/wordpress\/wp-json\/wp\/v2\/users\/1"}],"replies":[{"embeddable":true,"href":"https:\/\/www.rienadire.fr\/wordpress\/wp-json\/wp\/v2\/comments?post=2745"}],"version-history":[{"count":36,"href":"https:\/\/www.rienadire.fr\/wordpress\/wp-json\/wp\/v2\/posts\/2745\/revisions"}],"predecessor-version":[{"id":2876,"href":"https:\/\/www.rienadire.fr\/wordpress\/wp-json\/wp\/v2\/posts\/2745\/revisions\/2876"}],"wp:featuredmedia":[{"embeddable":true,"href":"https:\/\/www.rienadire.fr\/wordpress\/wp-json\/wp\/v2\/media\/2765"}],"wp:attachment":[{"href":"https:\/\/www.rienadire.fr\/wordpress\/wp-json\/wp\/v2\/media?parent=2745"}],"wp:term":[{"taxonomy":"category","embeddable":true,"href":"https:\/\/www.rienadire.fr\/wordpress\/wp-json\/wp\/v2\/categories?post=2745"},{"taxonomy":"post_tag","embeddable":true,"href":"https:\/\/www.rienadire.fr\/wordpress\/wp-json\/wp\/v2\/tags?post=2745"}],"curies":[{"name":"wp","href":"https:\/\/api.w.org\/{rel}","templated":true}]}}