{"id":2874,"date":"2012-12-18T13:10:50","date_gmt":"2012-12-18T12:10:50","guid":{"rendered":"http:\/\/www.rienadire.fr\/wordpress\/?p=2874"},"modified":"2012-12-18T13:10:50","modified_gmt":"2012-12-18T12:10:50","slug":"aquarium","status":"publish","type":"post","link":"https:\/\/www.rienadire.fr\/wordpress\/2012\/12\/18\/aquarium\/","title":{"rendered":"Aquarium"},"content":{"rendered":"<p><img loading=\"lazy\" decoding=\"async\" class=\"ngg-singlepic ngg-none aligncenter\" src=\"https:\/\/www.rienadire.fr\/wordpress\/..\/zenphoto\/albums\/aquarium\/d7k_3881.jpg\" alt=\"d7k_3881\" width=\"551\" height=\"720\" \/><\/p>\n<p>Notre aquarium \u00e9tant en eau depuis quelques temps maintenant, nous avons fini de le peupler. Il est donc temps d&rsquo;en parler un peu plus en d\u00e9tail !<\/p>\n<p>Pour des questions d&rsquo;espace disponible, il ne nous \u00e9tait pas possible de prendre un litrage trop important. Mais, on voulait quand m\u00eame des poissons. On a donc fait le choix d&rsquo;un bac de 60 L plant\u00e9. Pour des questions esth\u00e9tiques, on a choisi le bac de Dennerl\u00e9 qui est cubique (le litrage est un peu plus \u00e9lev\u00e9 que 60 L). Pour la population du bac on avait donc des contraintes importantes. Il fallait des poissons compatibles (eau et zone de nage), qui ne se reproduisent pas trop pour \u00e9viter la surpopulation et qui puissent vivre correctement dans 60 L. C&rsquo;est assez difficile de concilier tous ces crit\u00e8res et de mettre de c\u00f4t\u00e9 le physique avantageux de certains poissons qui nous plaisaient bien.<\/p>\n<p>Notre objectif \u00e9tait d&rsquo;avoir un bac qui soit stable dans le temps, que les poissons vivent confortablement et qu&rsquo;on ait pas \u00e0 les remplacer tous les mois \u00e9videmment. Ayant la chance d&rsquo;avoir au robinet une eau de bonne qualit\u00e9 (sans nitrate, pas trop dure et de ph neutre), on a finalement opt\u00e9 pour des Barbus cerise et un couple de Colisa Chuna. Les Barbus n\u00e9cessitent normalement un litrage un peu plus \u00e9lev\u00e9 ou en tout les cas une surface en fa\u00e7ade plus grande (d&rsquo;autant qu&rsquo;ils vivent en groupe) mais au regard des commentaires sur les forums, \u00e7a semblait passer. Pour le Colisa, aucun probl\u00e8me, il fallait juste suffisamment de cachettes et esp\u00e9rer que les Barbus ne les emb\u00eatent pas trop (mais les cerises sont r\u00e9put\u00e9s pour leur calme).<\/p>\n<p>Apr\u00e8s avoir plac\u00e9 un sol nutritif JBL et du sable, on a mis le d\u00e9cor (roches) et les plantes :<\/p>\n<ul>\n<li>Une boule d&rsquo;Aegagropila linnaei sur la plage devant<\/li>\n<li>Deux Shinnersia rivularis comme plante de fond<\/li>\n<li>Deux Sagittaria subulata comme plante de devant<\/li>\n<li>Une Undulatus rouge comme plante interm\u00e9diaire<\/li>\n<li>Une Riccia fluitans en plante de surface<\/li>\n<\/ul>\n<p>Notre \u00e9clairage est compos\u00e9 de deux lampes de 11 Watts donc ils nous fallait des plantes pas trop exigeantes. Au niveau de la technique, on \u00e0 aussi le filtre XL de Dennerl\u00e9 et un chauffage dont j&rsquo;ai oubli\u00e9 la marque.<\/p>\n<p style=\"text-align: center;\"><a href=\"https:\/\/www.rienadire.fr\/wordpress\/wp-content\/uploads\/2012\/12\/D7K_3629.jpg\"><img loading=\"lazy\" decoding=\"async\" class=\"aligncenter  wp-image-2878\" title=\"D7K_3629\" src=\"https:\/\/www.rienadire.fr\/wordpress\/wp-content\/uploads\/2012\/12\/D7K_3629-678x1024.jpg\" alt=\"\" width=\"475\" height=\"717\" srcset=\"https:\/\/www.rienadire.fr\/wordpress\/wp-content\/uploads\/2012\/12\/D7K_3629-678x1024.jpg 678w, https:\/\/www.rienadire.fr\/wordpress\/wp-content\/uploads\/2012\/12\/D7K_3629-364x550.jpg 364w, https:\/\/www.rienadire.fr\/wordpress\/wp-content\/uploads\/2012\/12\/D7K_3629-331x500.jpg 331w, https:\/\/www.rienadire.fr\/wordpress\/wp-content\/uploads\/2012\/12\/D7K_3629.jpg 795w\" sizes=\"auto, (max-width: 475px) 100vw, 475px\" \/><\/a><\/p>\n<p><img loading=\"lazy\" decoding=\"async\" class=\"ngg-singlepic ngg-none aligncenter\" src=\"https:\/\/www.rienadire.fr\/wordpress\/..\/zenphoto\/albums\/aquarium\/d7k_3651.jpg\" alt=\"d7k_3651\" width=\"496\" height=\"720\" \/><\/p>\n<p><img loading=\"lazy\" decoding=\"async\" class=\"ngg-singlepic ngg-none aligncenter\" src=\"https:\/\/www.rienadire.fr\/wordpress\/..\/zenphoto\/albums\/aquarium\/d7k_3652.jpg\" alt=\"d7k_3652\" width=\"477\" height=\"720\" \/><\/p>\n<p>La mise en eau date de fin octobre et on a attendu plusieurs semaines que l&rsquo;aquarium soit cycl\u00e9 avant d&rsquo;introduire les premiers occupants. Lorsque le bac s&rsquo;est stabilis\u00e9, on a pu constater que l&rsquo;un des \u00e9l\u00e9ments (je soup\u00e7onne fortement la terre) n&rsquo;\u00e9tait pas neutre. Le pH tamponne \u00e0 8 ce qui est trop \u00e9lev\u00e9 par rapport \u00e0 la population vis\u00e9e. En filtrant sur tourbe, nous somme parvenu \u00e0 le stabiliser entre 7 et 7,5 ce qui est mieux mais pas top. Le d\u00e9savantage c&rsquo;est que \u00e7a donne une coloration ambr\u00e9e \u00e0 l&rsquo;eau mais bon, \u00e7a passe. Pour le moment les poissons on l&rsquo;air content (par contre lorsque la tourbe ne fait plus effet, on constate des signes de stress).<\/p>\n<p>Le premier \u00e0 avoir rejoint le bac c&rsquo;est Garry Skywalker, notre n\u00e9ritina et sa langue marrante :<\/p>\n<p><img loading=\"lazy\" decoding=\"async\" class=\"ngg-singlepic ngg-none aligncenter\" src=\"https:\/\/www.rienadire.fr\/wordpress\/..\/zenphoto\/albums\/aquarium\/d7k_3655.jpg\" alt=\"d7k_3655\" width=\"576\" height=\"382\" \/><\/p>\n<p>Il grimpe partout et s&rsquo;occupe bien des vitres. Une petite vid\u00e9o de la b\u00eate en action :<\/p>\n<p><div class='jwplayer' id='jwplayer-0'><\/div><script type='text\/javascript'>if(typeof(jQuery)==\"function\"){(function($){$.fn.fitVids=function(){}})(jQuery)};jwplayer('jwplayer-0').setup({\"file\":\"\\u00bbhttps:\/\/www.rienadire.fr\/wordpress\/wp-content\/uploads\/2012\/12\/garry.flv\"});\n<\/script><\/p>\n<p>Une semaine plus tard, on a ajout\u00e9 un groupe de trois barbus. Un m\u00e2le et deux femelles. L&rsquo;id\u00e9e c&rsquo;est que les Colisa \u00e9tant territoriaux et plus fragiles, il valait mieux les mettre en dernier. Au d\u00e9part, on pensait prendre un groupe de barbus important mais, apr\u00e8s avoir mis les trois premier, on s&rsquo;est rendu compte que le m\u00e2le cherchait beaucoup les femelles.\u00a0 Comme on\u00a0 ne voulait pas risquer un conflit en ne mettant que deux m\u00e2les (ces poissons forment un groupe avec un comportement hi\u00e9rarchique)\u00a0 et que mettre trois m\u00e2les, et plus de femelles encore, nous faisait d\u00e9river vers la surpopulation, on s&rsquo;est contenter d&rsquo;ajouter deux femelles de plus la semaine suivante.<\/p>\n<p>C&rsquo;est amusant parce que l&rsquo;effet \u00ab\u00a0groupe\u00a0\u00bb s&rsquo;est tout de suite fait ressentir. D\u00e8s qu&rsquo;ils ont \u00e9t\u00e9 cinq, ils semblaient moins stress\u00e9s, les femelles on commen\u00e7aient \u00e0 sortir et \u00e0 se balader en petit groupe dans l&rsquo;espace de nage libre. Le m\u00e2le est d&rsquo;un tr\u00e8s beau rouge et c&rsquo;est dommage qu&rsquo;on ne puisse pas en mettre plus mais bon, les femelles sont bien mignonnes aussi.<\/p>\n<p style=\"text-align: center;\"><img loading=\"lazy\" decoding=\"async\" class=\"ngg-singlepic ngg-none aligncenter\" src=\"https:\/\/www.rienadire.fr\/wordpress\/..\/zenphoto\/albums\/aquarium\/d7k_3683.jpg\" alt=\"d7k_3683\" width=\"576\" height=\"382\" \/><\/p>\n<p><img loading=\"lazy\" decoding=\"async\" class=\"ngg-singlepic ngg-center aligncenter\" src=\"https:\/\/www.rienadire.fr\/wordpress\/..\/zenphoto\/albums\/aquarium\/d7k_3686.jpg\" alt=\"d7k_3686\" width=\"557\" height=\"840\" \/><\/p>\n<p>Une fois tout ce petit monde acclimat\u00e9, nous sommes parti en qu\u00eate de Colisa Chuna. Faute de forme naturelle, on s&rsquo;est rabattu sur un couple de Colisa Chuna rouge. Le m\u00e2le s&rsquo;est tr\u00e8s bien acclimat\u00e9 mais la premi\u00e8re femelle qui \u00e9tait assez jeune est morte au bout de trois jours. Lors de l&rsquo;introduction elle \u00e9tait assez timides et je ne sais pas comment elle a fait mais on l&rsquo;a retrouv\u00e9 un matin coinc\u00e9 \u00e0 la surface derri\u00e8re le filtre. Apr\u00e8s l&rsquo;avoir lib\u00e9r\u00e9e elle s&rsquo;est cach\u00e9e dans une plante et n&rsquo;a quasiment plus boug\u00e9. Elle est finalement morte&#8230; Apr\u00e8s cela, le m\u00e2le avait un comportement bizarre, comme s&rsquo;il se regardait dans la vitre de l&rsquo;aquarium. On a donc \u00e9tait lui cherch\u00e9 une autre compagne qui se porte bien depuis.<\/p>\n<p>Le m\u00e2le<\/p>\n<p><img loading=\"lazy\" decoding=\"async\" class=\"ngg-singlepic ngg-center aligncenter\" src=\"https:\/\/www.rienadire.fr\/wordpress\/..\/zenphoto\/albums\/aquarium\/d7k_3814.jpg\" alt=\"d7k_3814\" width=\"576\" height=\"382\" \/><\/p>\n<p>Et la femelle<\/p>\n<p><img loading=\"lazy\" decoding=\"async\" class=\"ngg-singlepic ngg-center aligncenter\" src=\"https:\/\/www.rienadire.fr\/wordpress\/..\/zenphoto\/albums\/aquarium\/d7k_3863.jpg\" alt=\"d7k_3863\" width=\"576\" height=\"382\" \/><\/p>\n<p>Je suis d\u00e9sol\u00e9 pour les photos floues mais ils ont tendance \u00e0 bouger pas mal et lumi\u00e8re est assez basse dans le salon en hiver&#8230;<\/p>\n<p>Concernant le filtre Dennerl\u00e9, on a par la suite retrouv\u00e9 plusieurs fois des barbus femelles coinc\u00e9es derri\u00e8re (sans perte par contre). Il y a une sorte de goulotte assez grande pour les barbus qui leur permet de se glisser mais ils ne peuvent ensuite plus faire marche arri\u00e8re. On a donc mis un morceau de mousse pour emp\u00eacher les poissons de passer sans bloquer l&rsquo;eau.<\/p>\n<p>Pour finir, une petite vid\u00e9o du bac et d&rsquo;autres photos :<\/p>\n<p><div class='jwplayer' id='jwplayer-1'><\/div><script type='text\/javascript'>if(typeof(jQuery)==\"function\"){(function($){$.fn.fitVids=function(){}})(jQuery)};jwplayer('jwplayer-1').setup({\"file\":\"\\u00bbhttps:\/\/www.rienadire.fr\/wordpress\/wp-content\/uploads\/2012\/12\/aquarium.flv\"});\n<\/script><\/p>\nngg_shortcode_0_placeholder\n<p>&nbsp;<\/p>\n<p>&nbsp;<\/p>\n<p>&nbsp;<\/p>\n","protected":false},"excerpt":{"rendered":"<p>Notre aquarium \u00e9tant en eau depuis quelques temps maintenant, nous avons fini de le peupler. Il est donc temps d&rsquo;en parler un peu plus en d\u00e9tail ! Pour des questions d&rsquo;espace disponible, il ne nous \u00e9tait pas possible de prendre un litrage trop important. Mais, on voulait quand m\u00eame des poissons. On a donc fait [&hellip;]<\/p>\n","protected":false},"author":1,"featured_media":2884,"comment_status":"open","ping_status":"open","sticky":false,"template":"","format":"standard","meta":{"ngg_post_thumbnail":0,"footnotes":""},"categories":[3,9],"tags":[259,257,261,260,258],"class_list":["post-2874","post","type-post","status-publish","format-standard","has-post-thumbnail","hentry","category-actualite","category-tutoriaux","tag-60-l","tag-aquarium","tag-barbus-cerise","tag-colisa-chuna","tag-dennerle"],"_links":{"self":[{"href":"https:\/\/www.rienadire.fr\/wordpress\/wp-json\/wp\/v2\/posts\/2874","targetHints":{"allow":["GET"]}}],"collection":[{"href":"https:\/\/www.rienadire.fr\/wordpress\/wp-json\/wp\/v2\/posts"}],"about":[{"href":"https:\/\/www.rienadire.fr\/wordpress\/wp-json\/wp\/v2\/types\/post"}],"author":[{"embeddable":true,"href":"https:\/\/www.rienadire.fr\/wordpress\/wp-json\/wp\/v2\/users\/1"}],"replies":[{"embeddable":true,"href":"https:\/\/www.rienadire.fr\/wordpress\/wp-json\/wp\/v2\/comments?post=2874"}],"version-history":[{"count":9,"href":"https:\/\/www.rienadire.fr\/wordpress\/wp-json\/wp\/v2\/posts\/2874\/revisions"}],"predecessor-version":[{"id":2886,"href":"https:\/\/www.rienadire.fr\/wordpress\/wp-json\/wp\/v2\/posts\/2874\/revisions\/2886"}],"wp:featuredmedia":[{"embeddable":true,"href":"https:\/\/www.rienadire.fr\/wordpress\/wp-json\/wp\/v2\/media\/2884"}],"wp:attachment":[{"href":"https:\/\/www.rienadire.fr\/wordpress\/wp-json\/wp\/v2\/media?parent=2874"}],"wp:term":[{"taxonomy":"category","embeddable":true,"href":"https:\/\/www.rienadire.fr\/wordpress\/wp-json\/wp\/v2\/categories?post=2874"},{"taxonomy":"post_tag","embeddable":true,"href":"https:\/\/www.rienadire.fr\/wordpress\/wp-json\/wp\/v2\/tags?post=2874"}],"curies":[{"name":"wp","href":"https:\/\/api.w.org\/{rel}","templated":true}]}}